[{"@context":"https:\/\/schema.org\/","@type":"Article","@id":"https:\/\/www.ebra.sk\/jonas-a-velryba-v-moskve\/#Article","mainEntityOfPage":"https:\/\/www.ebra.sk\/jonas-a-velryba-v-moskve\/","headline":"Jon\u00e1\u0161 a ve\u013eryba v Moskve","name":"Jon\u00e1\u0161 a ve\u013eryba v Moskve","description":"Ivan Pavle (* 8.3.1955, Galanta) je slovensk\u00fd maliar patriaci k\u00a0strednej gener\u00e1cii umelcov. Vyrastal v\u00a0ban\u00edckej rodine v\u00a0Prievidzi a\u00a0po technickej strednej \u0161kole sa dal na umeleck\u00fa dr\u00e1hu. S\u00a0man\u017eelkou So\u0148ou Oravcovou maj\u00fa dve deti. Ako umelec je zn\u00e1my svojim z\u00e1ujmom o\u00a0\u010dloveka a\u00a0mytol\u00f3giu. Jeho tvorba je pozna\u010den\u00e1 nepokojom a\u00a0v\u00fdrazn\u00fdm svojsk\u00fdm rukopisom. Najviac sa venuje \u010dloveku, najm\u00e4 \u013eudskej fig\u00fare a &hellip; <p class=\"link-more\"><a href=\"https:\/\/www.ebra.sk\/jonas-a-velryba-v-moskve\/\" class=\"more-link\">Read More<span class=\"screen-reader-text\"> \"Jon\u00e1\u0161 a ve\u013eryba v Moskve\"<\/span><\/a><\/p>","datePublished":"2018-08-31","dateModified":"2018-08-31","author":{"@type":"Person","@id":"https:\/\/www.ebra.sk\/author\/#Person","name":"","url":"https:\/\/www.ebra.sk\/author\/","identifier":1,"image":{"@type":"ImageObject","@id":"https:\/\/secure.gravatar.com\/avatar\/b74f056f0354b8ee50fcd0e6106aa964423477cb93024726458fce7ffd63d5d8?s=96&d=mm&r=g","url":"https:\/\/secure.gravatar.com\/avatar\/b74f056f0354b8ee50fcd0e6106aa964423477cb93024726458fce7ffd63d5d8?s=96&d=mm&r=g","height":96,"width":96}},"publisher":{"@type":"Organization","name":"ebra.sk","logo":{"@type":"ImageObject","@id":"\/logo.png","url":"\/logo.png","width":600,"height":60}},"image":{"@type":"ImageObject","@id":"https:\/\/www.ebra.sk\/wp-content\/uploads\/img_a292817_w16544_t1541008662.jpg","url":"https:\/\/www.ebra.sk\/wp-content\/uploads\/img_a292817_w16544_t1541008662.jpg","height":0,"width":0},"url":"https:\/\/www.ebra.sk\/jonas-a-velryba-v-moskve\/","wordCount":408,"articleBody":"Ivan Pavle (* 8.3.1955, Galanta) je slovensk\u00fd maliar patriaci k\u00a0strednej gener\u00e1cii umelcov. Vyrastal v\u00a0ban\u00edckej rodine v\u00a0Prievidzi a\u00a0po technickej strednej \u0161kole sa dal na umeleck\u00fa dr\u00e1hu. S\u00a0man\u017eelkou So\u0148ou Oravcovou maj\u00fa dve deti.Ako umelec je zn\u00e1my svojim z\u00e1ujmom o\u00a0\u010dloveka a\u00a0mytol\u00f3giu. Jeho tvorba je pozna\u010den\u00e1 nepokojom a\u00a0v\u00fdrazn\u00fdm svojsk\u00fdm rukopisom.Najviac sa venuje \u010dloveku, najm\u00e4 \u013eudskej fig\u00fare a jej \u010dastiam. Okrem toho v\u00e4\u010d\u0161inu pozornosti venuje mytol\u00f3gii. Tento n\u00e1met n\u00e1jdeme v\u00a0nekone\u010dnom cykle Babylon i vo fikt\u00edvnych krajink\u00e1ch, alebo v\u00a0dielach s r\u00f4znymi mytologick\u00fdmi zvieratami. S\u00e1m tvrd\u00ed, \u017ee sa ve\u013emi \u010dasto sa venuje mot\u00edvu ryby \u010do s\u00favis\u00ed so znamen\u00edm, v\u00a0ktorom sa narodil. Ako u\u017e predpoklad\u00e1te, je to znamenie r\u00fdb. A\u00a0pr\u00e1ve tak\u00e9to obrazy s\u00fa zakomponovan\u00e9 do v\u00fdstavy Jon\u00e1\u0161 a\u00a0ve\u013eryba v\u00a0Gal\u00e9rii Slovensk\u00e9ho in\u0161tit\u00fatu v\u00a0Moskve, otvorenej od okt\u00f3bra do decembra 2018. U\u017e jej n\u00e1zov predpoved\u00e1, \u017ee sa bude venova\u0165 ryb\u00e1m. Navy\u0161e je n\u00e1zov pr\u00edzna\u010dn\u00fd aj pre autorovu z\u00e1\u013eubu v\u00a0mytol\u00f3gii a\u00a0Babylone. Do tohto mesta toti\u017e ve\u013eryba z\u00a0biblick\u00e9ho pr\u00edbehu vyp\u013eula Jon\u00e1\u0161a, ke\u010f sa pok\u00fa\u0161al ujs\u0165 svojmu osudu Bo\u017eieho proroka. A\u00a0je pravda, \u017ee ryby z Pavleho v\u00fdstavy s\u00fa rovnako zauj\u00edmav\u00e9, ako predstava plavby v\u00a0\u00fatrob\u00e1ch ve\u013eryby.Ak V\u00e1s v\u0161ak nezaujala autorova mytologick\u00e1 tvorba, m\u00f4\u017eete vyh\u013eada\u0165 jeho diela venovan\u00e9 fig\u00faram \u010di aktom. N\u00e1jdete na nich zauj\u00edmav\u00e9 stv\u00e1rnenie \u013eudsk\u00fdch post\u00e1v s tv\u00e1rami, alebo ich n\u00e1hradou \u2013 maskami. Okrem toho sa v\u00a0nich autor \u010dasto pok\u00fa\u0161a o\u00a0pohyb a\u00a0v\u00fdrazn\u00fa gestikul\u00e1ciu, ale i o\u00a0vyjadrenie vz\u0165ahov viacer\u00fdch post\u00e1v \u010di jednotliv\u00fdch post\u00e1v s\u00a0in\u00fdmi objektmi.No a pokia\u013e nie ste fan\u00fa\u0161ikom ma\u013eby, tie\u017e sa nemus\u00edte ob\u00e1va\u0165! Ivan Pavle sa toti\u017e po vy\u0161tudovan\u00ed Vysokej \u0161koly v\u00fdtvarn\u00fdch umen\u00ed v\u00a0Bratislave v\u00a0ateli\u00e9ry monument\u00e1lnej ma\u013eby za\u010dal venova\u0165 nie len ma\u013ebe, ale aj kresbe, grafike \u010di plastike. V\u00a0ka\u017edom pr\u00edpade stoj\u00ed za to, nap\u00edsa\u0165 jeho meno do vyh\u013ead\u00e1va\u010da a\u00a0n\u00e1js\u0165 najbli\u017e\u0161iu v\u00fdstavu venovan\u00fa dielu Pavleho, alebo si aspo\u0148 pozrie\u0165 jeho tvorbu on-line.                                                                                                                                                                                                                                                                                                                                                                                        4.3\/5 - (7 votes)        "},{"@context":"https:\/\/schema.org\/","@type":"BreadcrumbList","itemListElement":[{"@type":"ListItem","position":1,"name":"Jon\u00e1\u0161 a ve\u013eryba v Moskve","item":"https:\/\/www.ebra.sk\/jonas-a-velryba-v-moskve\/#breadcrumbitem"}]}]